{"id":3952,"date":"2022-06-24T14:36:09","date_gmt":"2022-06-24T12:36:09","guid":{"rendered":"https:\/\/www.ssv-alfeld.de\/v2\/?p=3952"},"modified":"2023-05-08T13:13:26","modified_gmt":"2023-05-08T11:13:26","slug":"waffenkontrolle-bei-der-landesverbandsmeisterschaft-2022","status":"publish","type":"post","link":"https:\/\/www.ssv-alfeld.de\/v2\/2022\/06\/24\/waffenkontrolle-bei-der-landesverbandsmeisterschaft-2022\/","title":{"rendered":"Waffenkontrolle bei der Landesverbandsmeisterschaft 2022"},"content":{"rendered":"\t\t<div data-elementor-type=\"wp-post\" data-elementor-id=\"3952\" class=\"elementor elementor-3952\" data-elementor-post-type=\"post\">\n\t\t\t\t\t\t<section class=\"elementor-section elementor-top-section elementor-element elementor-element-9cd7ace elementor-section-boxed elementor-section-height-default elementor-section-height-default\" data-id=\"9cd7ace\" data-element_type=\"section\" data-e-type=\"section\">\n\t\t\t\t\t\t<div class=\"elementor-container elementor-column-gap-default\">\n\t\t\t\t\t<div class=\"elementor-column elementor-col-100 elementor-top-column elementor-element elementor-element-6adc1a0\" data-id=\"6adc1a0\" data-element_type=\"column\" data-e-type=\"column\">\n\t\t\t<div class=\"elementor-widget-wrap elementor-element-populated\">\n\t\t\t\t\t\t<div class=\"elementor-element elementor-element-7eefe6c elementor-widget elementor-widget-heading\" data-id=\"7eefe6c\" data-element_type=\"widget\" data-e-type=\"widget\" data-widget_type=\"heading.default\">\n\t\t\t\t<div class=\"elementor-widget-container\">\n\t\t\t\t\t<h2 class=\"elementor-heading-title elementor-size-large\">LM vom 24.06. - 17.07.2022 im Bundesst\u00fctzpunkt Hannover<\/h2>\t\t\t\t<\/div>\n\t\t\t\t<\/div>\n\t\t\t\t\t<\/div>\n\t\t<\/div>\n\t\t\t\t\t<\/div>\n\t\t<\/section>\n\t\t\t\t<section class=\"elementor-section elementor-top-section elementor-element elementor-element-9881794 elementor-section-boxed elementor-section-height-default elementor-section-height-default\" data-id=\"9881794\" data-element_type=\"section\" data-e-type=\"section\">\n\t\t\t\t\t\t<div class=\"elementor-container elementor-column-gap-default\">\n\t\t\t\t\t<div class=\"elementor-column elementor-col-100 elementor-top-column elementor-element elementor-element-ef59ad9\" data-id=\"ef59ad9\" data-element_type=\"column\" data-e-type=\"column\">\n\t\t\t<div class=\"elementor-widget-wrap elementor-element-populated\">\n\t\t\t\t\t\t<div class=\"elementor-element elementor-element-f16cde1 elementor-widget elementor-widget-text-editor\" data-id=\"f16cde1\" data-element_type=\"widget\" data-e-type=\"widget\" data-widget_type=\"text-editor.default\">\n\t\t\t\t<div class=\"elementor-widget-container\">\n\t\t\t\t\t\t\t\t\t<p style=\"text-align: center;\"><a href=\"https:\/\/www.ssv-alfeld.de\/v2\/wp-content\/uploads\/2022\/06\/Keine-Waffenkontrolle-bei-der-LM.pdf\">Keine Waffenkontrolle bei der LM<\/a><\/p>\t\t\t\t\t\t\t\t<\/div>\n\t\t\t\t<\/div>\n\t\t\t\t\t<\/div>\n\t\t<\/div>\n\t\t\t\t\t<\/div>\n\t\t<\/section>\n\t\t\t\t<section class=\"elementor-section elementor-top-section elementor-element elementor-element-581330c elementor-section-boxed elementor-section-height-default elementor-section-height-default\" data-id=\"581330c\" data-element_type=\"section\" data-e-type=\"section\">\n\t\t\t\t\t\t<div class=\"elementor-container elementor-column-gap-default\">\n\t\t\t\t\t<div class=\"elementor-column elementor-col-100 elementor-top-column elementor-element elementor-element-2986927\" data-id=\"2986927\" data-element_type=\"column\" data-e-type=\"column\">\n\t\t\t<div class=\"elementor-widget-wrap elementor-element-populated\">\n\t\t\t\t\t\t<div class=\"elementor-element elementor-element-2b5b7c5 elementor-widget elementor-widget-text-editor\" data-id=\"2b5b7c5\" data-element_type=\"widget\" data-e-type=\"widget\" data-widget_type=\"text-editor.default\">\n\t\t\t\t<div class=\"elementor-widget-container\">\n\t\t\t\t\t\t\t\t\t<p><span style=\"color: #000000;\">Dieser Bericht dient nur zur Allgemeinen Information f\u00fcr Sch\u00fctzenbr\u00fcder die noch an den Landesmeisterschaften teilnehmen. <\/span><span style=\"color: #000000;\">Denn eine wie bisher gekannte Waffenkontrolle erfolgt nicht. <\/span><span style=\"color: #000000;\">Es werden nach dem Durchgang St\u00e4nde ausgelost, die St\u00e4nde werden ger\u00e4umt bis auf die ausgelosten. Dann erfolgt die Kontrolle und danach wird nach Aufforderung der Stand ger\u00e4umt. <\/span><\/p><p><span style=\"color: #000000;\">Mit Sch\u00fctzengru\u00df und Gut Schuss f\u00fcr die Landesmeisterschaft!<\/span><\/p><p><span style=\"color: #000000;\"> Uwe Kuckuck <\/span><\/p><p><span style=\"color: #000000;\">PR-Referent<br \/><\/span><\/p>\t\t\t\t\t\t\t\t<\/div>\n\t\t\t\t<\/div>\n\t\t\t\t\t<\/div>\n\t\t<\/div>\n\t\t\t\t\t<\/div>\n\t\t<\/section>\n\t\t\t\t<\/div>\n\t\t","protected":false},"excerpt":{"rendered":"<p>LM vom 24.06. &#8211; 17.07.2022 im Bundesst\u00fctzpunkt Hannover Keine Waffenkontrolle bei der LM Dieser Bericht dient nur zur Allgemeinen Information f\u00fcr Sch\u00fctzenbr\u00fcder die noch an den Landesmeisterschaften teilnehmen. Denn eine wie bisher gekannte Waffenkontrolle erfolgt nicht. Es werden nach dem Durchgang St\u00e4nde ausgelost, die St\u00e4nde werden ger\u00e4umt bis auf die ausgelosten. Dann erfolgt die Kontrolle[&hellip;]<\/p>\n","protected":false},"author":3,"featured_media":0,"comment_status":"closed","ping_status":"open","sticky":false,"template":"","format":"standard","meta":{"zakra_general_container_width":0,"zakra_general_content_width":0,"zakra_general_sidebar_width":0,"zakra_sticky_header":"customizer","zakra_header_main_area":true,"zakra_site_logo_width":0,"zakra_header_top_enabled":"customizer","zakra_header_top_style":"customizer","zakra_primary_menu_item_style":"customizer","zakra_page_header_text_color":"","zakra_page_header_layout":"customizer","zakra_page_title_bg":"","zakra_footer_widgets_bg_image":0,"zakra_page_title_bg_repeat":"customizer","zakra_page_title_bg_position":"customizer","zakra_page_title_bg_size":"customizer","zakra_page_title_bg_attachment":"customizer","zakra_breadcrumbs_enabled":"customizer","zakra_breadcrumbs_text_color":null,"zakra_breadcrumbs_separator_color":null,"zakra_breadcrumbs_link_color":null,"zakra_breadcrumbs_link_hover_color":"","zakra_page_title_bg_image":0,"zakra_footer_widgets_enabled":"customizer","zakra_footer_column_layout_1_style":"customizer","zakra_footer_widgets_bg":"","zakra_footer_widgets_bg_repeat":"customizer","zakra_footer_widgets_bg_position":"customizer","zakra_footer_widgets_bg_size":"customizer","zakra_footer_widgets_bg_attachment":"customizer","zakra_footer_bar_enabled":"customizer","zakra_footer_bar_style":"customizer","zakra_page_container_layout":"customizer","zakra_page_sidebar_layout":"customizer","zakra_remove_content_margin":false,"zakra_sidebar":"customizer","zakra_transparent_header":"customizer","zakra_logo":0,"zakra_main_header_style":"default","zakra_menu_item_color":"","zakra_menu_item_hover_color":"","zakra_menu_item_active_color":"","zakra_menu_active_style":"","zakra_page_header":true,"footnotes":""},"categories":[56],"tags":[],"class_list":["post-3952","post","type-post","status-publish","format-standard","hentry","category-archiv"],"publishpress_future_action":{"enabled":false,"date":"2026-07-30 09:12:07","action":"change-status","newStatus":"draft","terms":[],"taxonomy":"category","extraData":[]},"publishpress_future_workflow_manual_trigger":{"enabledWorkflows":[]},"_links":{"self":[{"href":"https:\/\/www.ssv-alfeld.de\/v2\/wp-json\/wp\/v2\/posts\/3952","targetHints":{"allow":["GET"]}}],"collection":[{"href":"https:\/\/www.ssv-alfeld.de\/v2\/wp-json\/wp\/v2\/posts"}],"about":[{"href":"https:\/\/www.ssv-alfeld.de\/v2\/wp-json\/wp\/v2\/types\/post"}],"author":[{"embeddable":true,"href":"https:\/\/www.ssv-alfeld.de\/v2\/wp-json\/wp\/v2\/users\/3"}],"replies":[{"embeddable":true,"href":"https:\/\/www.ssv-alfeld.de\/v2\/wp-json\/wp\/v2\/comments?post=3952"}],"version-history":[{"count":11,"href":"https:\/\/www.ssv-alfeld.de\/v2\/wp-json\/wp\/v2\/posts\/3952\/revisions"}],"predecessor-version":[{"id":3964,"href":"https:\/\/www.ssv-alfeld.de\/v2\/wp-json\/wp\/v2\/posts\/3952\/revisions\/3964"}],"wp:attachment":[{"href":"https:\/\/www.ssv-alfeld.de\/v2\/wp-json\/wp\/v2\/media?parent=3952"}],"wp:term":[{"taxonomy":"category","embeddable":true,"href":"https:\/\/www.ssv-alfeld.de\/v2\/wp-json\/wp\/v2\/categories?post=3952"},{"taxonomy":"post_tag","embeddable":true,"href":"https:\/\/www.ssv-alfeld.de\/v2\/wp-json\/wp\/v2\/tags?post=3952"}],"curies":[{"name":"wp","href":"https:\/\/api.w.org\/{rel}","templated":true}]}}